{"provider_url": "https://www.guarapuava.pr.leg.br", "title": "PER\u00cdODO EXTRAORDIN\u00c1RIO ENCERRA COM 4 PROJETOS APROVADOS", "html": "<p style=\"text-align: justify; \"><span>A C\u00e2mara de Vereadores de Guarapuava encerrou, na tarde desta segunda-feira, 27, o per\u00edodo de convoca\u00e7\u00e3o das Sess\u00f5es Extraordin\u00e1rias do 7\u00ba per\u00edodo legislativo, com a aprova\u00e7\u00e3o de quatro projetos de lei encaminhados pelo Poder Executivo, dos quais destacam-se recursos para melhorias de infraestrutura municipal e a Lei de Diretrizes Or\u00e7ament\u00e1ria para o exerc\u00edcio de 2021.</span></p>\r\n<p style=\"text-align: justify; \"><span></span><span>O projeto de Lei n\u00ba050/2020, aprovado por maioria absoluta, dos vereadores que estiveram presente na sess\u00e3o, requer melhorias na rua Dona Anast\u00e1cia, no bairro Boqueir\u00e3o (Olaria), uma via de importante acesso a popula\u00e7\u00e3o que liga o per\u00edmetro urbano e rural.\u00a0</span></p>\r\n<p style=\"text-align: justify; \">\u201cN\u00f3s t\u00ednhamos grande conhecimento deste projeto, mas, quero aproveitar e agradecer a nossa administra\u00e7\u00e3o p\u00fablica, que tem desenvolvido um grande trabalho nos quatro lados da nossa cidade. E \u00e9 uma regi\u00e3o que necessitava muito de melhorias e, n\u00f3s, nos sentimos honrados em ver a m\u00e3o do prefeito trazendo melhorias para essa via\u201d, disse o presidente da C\u00e2mara de Vereadores, Jo\u00e3o Napole\u00e3o (PODEMOS), enaltecendo o trabalho do Poder Executivo e, tamb\u00e9m, de vereadores que fizeram parte de reivindica\u00e7\u00f5es no bairro. <br />Entre os projetos, que visam a melhoria da popula\u00e7\u00e3o, podemos destacar tamb\u00e9m o projeto 047/2020, que insere no Or\u00e7amento Anual do Munic\u00edpio, fundos \u00e0 Secretaria Municipal de Assist\u00eancia Social, para auxiliar e amparar a popula\u00e7\u00e3o em situa\u00e7\u00e3o de vulnerabilidade e risco social, al\u00e9m de medidas para prevenir riscos e agravos sociais decorrentes da dissemina\u00e7\u00e3o da Covid-19. <br />A sess\u00e3o ocorreu em modalidade remota.<br />O presidente Legislativo encerrou a sess\u00e3o e o 7\u00ba Per\u00edodo Extraordin\u00e1rio, convocando os vereadores para a pr\u00f3xima sess\u00e3o Ordin\u00e1ria, na segunda-feira, 3 de agosto.</p>\r\n<p style=\"text-align: justify; \">Por Assessoria</p>", "author_name": "Pamela", "version": "1.0", "author_url": "https://www.guarapuava.pr.leg.br/author/Pamela", "provider_name": "C\u00e2mara Municipal de Guarapuava", "type": "rich"}