{"provider_url": "https://www.guarapuava.pr.leg.br", "title": "Nota: Recesso Legislativo", "html": "\r\n<p>Entre 23 de dezembro e 03 de janeiro, haver\u00e1 recesso na\r\nC\u00e2mara Municipal de Guarapuava. Os trabalhos administrativos e abertura dos\r\ngabinetes retornam no dia 06 de janeiro e as Sess\u00f5es Ordin\u00e1rias em 03 de\r\nfevereiro.</p>\r\n<p><strong>Diminui\u00e7\u00e3o no Recesso Parlamentar</strong></p>\r\n<p>No dia 15 de outubro, os vereadores consolidaram a\r\ndiminui\u00e7\u00e3o do recesso parlamentar. Ap\u00f3s a aprova\u00e7\u00e3o da Emenda a Lei Org\u00e2nica n\u00ba\r\n04/2013 e Projeto de Resolu\u00e7\u00e3o n\u00ba 15/2013, ambos assinados por todos os\r\nlegisladores, o per\u00edodo sem Sess\u00f5es Ordin\u00e1rias passou de 90 para 41 dias.\r\nAgora, o Per\u00edodo Legislativo funcionar\u00e1, anualmente, de 01 fevereiro a 20 de\r\ndezembro. Lembrando que as discuss\u00f5es e aprecia\u00e7\u00e3o de mat\u00e9rias, em plen\u00e1rio,\r\nocorrem as segundas e ter\u00e7as-feiras, \u00e0s 19 horas.</p>\r\n<p>&nbsp;</p>\r\n<p>\u201cO entendimento da atual legislatura \u00e9 de que o recesso\r\ndeveria ser diminu\u00eddo, visando atender \u00e0s demandas dos 21 vereadores e de toda\r\na popula\u00e7\u00e3o guarapuavana\u201d, justificou o presidente Edony Kluber (PSD), na \u00e9poca.&nbsp;</p>\r\n", "author_name": "", "version": "1.0", "author_url": "https://www.guarapuava.pr.leg.br/author/Imprensa", "provider_name": "C\u00e2mara Municipal de Guarapuava", "type": "rich"}