{"provider_url": "https://www.guarapuava.pr.leg.br", "title": "1\u00aa Sess\u00e3o do per\u00edodo legislativo ordin\u00e1rio", "html": "\r\n<p><img class=\"image-left\" src=\"../imagens/capa.JPG/image_mini\" alt=\"sess\u00e3o plano de governo\" /></p>\r\n<p style=\"text-align: justify;\">Na \u00faltima\r\nter\u00e7a-feira(03), foi realizada na C\u00e2mara Municipal de Guarapuava abertura da\r\nsess\u00e3o legislativa anual, nela foi apresentado pelo chefe do poder executivo\r\nPrefeito Cesar Silvestre Filho, o plano de governo anual, expondo a situa\u00e7\u00e3o em que o Munic\u00edpio se encontra, bem\r\ncomo suas expectativas para ano de 2015.</p>\r\n<p style=\"text-align: justify;\">Segundo o Prefeito, est\u00e3o previstas para esse per\u00edodo a conclus\u00e3o de\r\nobras em v\u00e1rios pontos da cidade, trazendo mais infraestrutura e mobilidade\r\npara popula\u00e7\u00e3o. Os planos tamb\u00e9m se contemplam para o setor Habitacional e\r\nReurbaniza\u00e7\u00e3o de alguns bairros da cidade.</p>\r\n<p style=\"text-align: justify;\">Tamb\u00e9m\r\nparticiparam da sess\u00e3o, a vice-prefeita Eva Schran, vereadores, secret\u00e1rios\r\nMunicipais e populares.</p>\r\n<p style=\"text-align: justify;\">O presidente Jo\u00e3o Napole\u00e3o(PROS) junto aos demais vereadores,\r\natentamente participaram da explana\u00e7\u00e3o do Executivo, ressaltou que \u00e9 essencial est\u00e1\r\nCasa manter o bom relacionamento com a prefeitura, pois esfor\u00e7os s\u00e3o somados\r\npara melhorar a qualidade de vida da popula\u00e7\u00e3o.</p>\r\n", "author_name": "", "version": "1.0", "author_url": "https://www.guarapuava.pr.leg.br/author/Imprensa", "provider_name": "C\u00e2mara Municipal de Guarapuava", "type": "rich"}